{"id":1943,"date":"2024-06-11T00:15:35","date_gmt":"2024-06-11T00:15:35","guid":{"rendered":"https:\/\/www.latribuajena.org\/?p=1943"},"modified":"2024-06-11T00:25:09","modified_gmt":"2024-06-11T00:25:09","slug":"el-limon-revoltoso-con-la-tribu-ajena-y-la-permacultura","status":"publish","type":"post","link":"https:\/\/www.latribuajena.org\/en\/2024\/06\/11\/el-limon-revoltoso-con-la-tribu-ajena-y-la-permacultura\/","title":{"rendered":"El Lim\u00f3n Revoltoso con La Tribu Ajena y la permacultura"},"content":{"rendered":"<p>En el programa de hoy hablamos con Marian Ru\u00edz, profesional de gran recorrido y experiencia dentro del \u00e1mbito cultural, pero que viene a hablarnos de otro proyecto, un proyecto de vida basado en la permacultura, y el compromiso de la tierra. Nos da una lecci\u00f3n impresionante de como ella y su pareja han construido un proyecto que se est\u00e1 convirtiendo en un referente no solo en Andaluc\u00eda. sino que est\u00e1 conectado en redes internacionales. Una gozada escucharla.<br \/>\n<em>M\u00fasica: Dead Can Dance.<\/em><\/p>\n<p><iframe style=\"width: 100%;\" src=\"https:\/\/www.ivoox.com\/player_ej_129382218_6_1.html?c1=5c3220\" height=\"200\" frameborder=\"0\" scrolling=\"no\" allowfullscreen=\"allowfullscreen\" loading=\"lazy\"><\/iframe><\/p>\n<p>Si quieres escucharlo en el sitio de ivoox.com<\/p>\n<p><a href=\"https:\/\/go.ivoox.com\/rf\/129382218\" target=\"_blank\" rel=\"noopener\">https:\/\/go.ivoox.com\/rf\/129382218<\/a><\/p>\n<figure class=\"wp-block-image size-large\"><img loading=\"lazy\" decoding=\"async\" class=\"alignnone wp-image-1944 size-large\" src=\"https:\/\/www.latribuajena.org\/wp-content\/uploads\/2024\/06\/Limon1-1024x644.jpeg\" alt=\"\" width=\"1024\" height=\"644\" srcset=\"https:\/\/www.latribuajena.org\/wp-content\/uploads\/2024\/06\/Limon1-1024x644.jpeg 1024w, https:\/\/www.latribuajena.org\/wp-content\/uploads\/2024\/06\/Limon1-300x189.jpeg 300w, https:\/\/www.latribuajena.org\/wp-content\/uploads\/2024\/06\/Limon1-768x483.jpeg 768w, https:\/\/www.latribuajena.org\/wp-content\/uploads\/2024\/06\/Limon1-1536x966.jpeg 1536w, https:\/\/www.latribuajena.org\/wp-content\/uploads\/2024\/06\/Limon1-18x12.jpeg 18w, https:\/\/www.latribuajena.org\/wp-content\/uploads\/2024\/06\/Limon1.jpeg 1882w\" sizes=\"auto, (max-width: 1024px) 100vw, 1024px\" \/><\/figure>\n<figure class=\"wp-block-image size-large\"><img loading=\"lazy\" decoding=\"async\" class=\"alignnone size-large wp-image-1945\" src=\"https:\/\/www.latribuajena.org\/wp-content\/uploads\/2024\/06\/Limon2-768x1024.jpeg\" alt=\"\" width=\"768\" height=\"1024\" srcset=\"https:\/\/www.latribuajena.org\/wp-content\/uploads\/2024\/06\/Limon2-768x1024.jpeg 768w, https:\/\/www.latribuajena.org\/wp-content\/uploads\/2024\/06\/Limon2-225x300.jpeg 225w, https:\/\/www.latribuajena.org\/wp-content\/uploads\/2024\/06\/Limon2-1152x1536.jpeg 1152w, https:\/\/www.latribuajena.org\/wp-content\/uploads\/2024\/06\/Limon2-9x12.jpeg 9w, https:\/\/www.latribuajena.org\/wp-content\/uploads\/2024\/06\/Limon2.jpeg 1200w\" sizes=\"auto, (max-width: 768px) 100vw, 768px\" \/><\/figure>","protected":false},"excerpt":{"rendered":"<p>En el programa de hoy hablamos con Marian Ru\u00edz, profesional de gran recorrido y experiencia dentro del \u00e1mbito cultural, pero que viene a hablarnos de otro proyecto, un proyecto de vida basado en la permacultura, y el compromiso de la tierra. Nos da una lecci\u00f3n impresionante de como ella y su pareja han construido un proyecto que se est\u00e1 convirtiendo&hellip;<\/p>","protected":false},"author":3,"featured_media":1944,"comment_status":"closed","ping_status":"closed","sticky":false,"template":"","format":"standard","meta":{"footnotes":""},"categories":[9],"tags":[],"class_list":["post-1943","post","type-post","status-publish","format-standard","has-post-thumbnail","hentry","category-historias-de-la-tribu"],"yoast_head":"<!-- This site is optimized with the Yoast SEO plugin v27.5 - https:\/\/yoast.com\/product\/yoast-seo-wordpress\/ -->\n<title>El Lim\u00f3n Revoltoso con La Tribu Ajena y la permacultura - La Tribu Ajena<\/title>\n<meta name=\"robots\" content=\"index, follow, max-snippet:-1, max-image-preview:large, max-video-preview:-1\" \/>\n<link rel=\"canonical\" href=\"https:\/\/www.latribuajena.org\/en\/2024\/06\/11\/el-limon-revoltoso-con-la-tribu-ajena-y-la-permacultura\/\" \/>\n<meta property=\"og:locale\" content=\"en_US\" \/>\n<meta property=\"og:type\" content=\"article\" \/>\n<meta property=\"og:title\" content=\"El Lim\u00f3n Revoltoso con La Tribu Ajena y la permacultura - La Tribu Ajena\" \/>\n<meta property=\"og:description\" content=\"En el programa de hoy hablamos con Marian Ru\u00edz, profesional de gran recorrido y experiencia dentro del \u00e1mbito cultural, pero que viene a hablarnos de otro proyecto, un proyecto de vida basado en la permacultura, y el compromiso de la tierra. Nos da una lecci\u00f3n impresionante de como ella y su pareja han construido un proyecto que se est\u00e1 convirtiendo&hellip;\" \/>\n<meta property=\"og:url\" content=\"https:\/\/www.latribuajena.org\/en\/2024\/06\/11\/el-limon-revoltoso-con-la-tribu-ajena-y-la-permacultura\/\" \/>\n<meta property=\"og:site_name\" content=\"La Tribu Ajena\" \/>\n<meta property=\"article:published_time\" content=\"2024-06-11T00:15:35+00:00\" \/>\n<meta property=\"article:modified_time\" content=\"2024-06-11T00:25:09+00:00\" \/>\n<meta property=\"og:image\" content=\"https:\/\/www.latribuajena.org\/wp-content\/uploads\/2024\/06\/Limon1.jpeg\" \/>\n\t<meta property=\"og:image:width\" content=\"1882\" \/>\n\t<meta property=\"og:image:height\" content=\"1184\" \/>\n\t<meta property=\"og:image:type\" content=\"image\/jpeg\" \/>\n<meta name=\"author\" content=\"Mari\u00e1n\" \/>\n<meta name=\"twitter:card\" content=\"summary_large_image\" \/>\n<meta name=\"twitter:label1\" content=\"Written by\" \/>\n\t<meta name=\"twitter:data1\" content=\"Mari\u00e1n\" \/>\n\t<meta name=\"twitter:label2\" content=\"Est. reading time\" \/>\n\t<meta name=\"twitter:data2\" content=\"2 minutes\" \/>\n<script type=\"application\/ld+json\" class=\"yoast-schema-graph\">{\"@context\":\"https:\\\/\\\/schema.org\",\"@graph\":[{\"@type\":\"Article\",\"@id\":\"https:\\\/\\\/www.latribuajena.org\\\/2024\\\/06\\\/11\\\/el-limon-revoltoso-con-la-tribu-ajena-y-la-permacultura\\\/#article\",\"isPartOf\":{\"@id\":\"https:\\\/\\\/www.latribuajena.org\\\/2024\\\/06\\\/11\\\/el-limon-revoltoso-con-la-tribu-ajena-y-la-permacultura\\\/\"},\"author\":{\"name\":\"Mari\u00e1n\",\"@id\":\"https:\\\/\\\/www.latribuajena.org\\\/#\\\/schema\\\/person\\\/93e02478315b3b2bbb350c9e2b861f51\"},\"headline\":\"El Lim\u00f3n Revoltoso con La Tribu Ajena y la permacultura\",\"datePublished\":\"2024-06-11T00:15:35+00:00\",\"dateModified\":\"2024-06-11T00:25:09+00:00\",\"mainEntityOfPage\":{\"@id\":\"https:\\\/\\\/www.latribuajena.org\\\/2024\\\/06\\\/11\\\/el-limon-revoltoso-con-la-tribu-ajena-y-la-permacultura\\\/\"},\"wordCount\":110,\"publisher\":{\"@id\":\"https:\\\/\\\/www.latribuajena.org\\\/#organization\"},\"image\":{\"@id\":\"https:\\\/\\\/www.latribuajena.org\\\/2024\\\/06\\\/11\\\/el-limon-revoltoso-con-la-tribu-ajena-y-la-permacultura\\\/#primaryimage\"},\"thumbnailUrl\":\"https:\\\/\\\/www.latribuajena.org\\\/wp-content\\\/uploads\\\/2024\\\/06\\\/Limon1.jpeg\",\"articleSection\":[\"Historias de la Tribu\"],\"inLanguage\":\"en-US\"},{\"@type\":\"WebPage\",\"@id\":\"https:\\\/\\\/www.latribuajena.org\\\/2024\\\/06\\\/11\\\/el-limon-revoltoso-con-la-tribu-ajena-y-la-permacultura\\\/\",\"url\":\"https:\\\/\\\/www.latribuajena.org\\\/2024\\\/06\\\/11\\\/el-limon-revoltoso-con-la-tribu-ajena-y-la-permacultura\\\/\",\"name\":\"El Lim\u00f3n Revoltoso con La Tribu Ajena y la permacultura - La Tribu Ajena\",\"isPartOf\":{\"@id\":\"https:\\\/\\\/www.latribuajena.org\\\/#website\"},\"primaryImageOfPage\":{\"@id\":\"https:\\\/\\\/www.latribuajena.org\\\/2024\\\/06\\\/11\\\/el-limon-revoltoso-con-la-tribu-ajena-y-la-permacultura\\\/#primaryimage\"},\"image\":{\"@id\":\"https:\\\/\\\/www.latribuajena.org\\\/2024\\\/06\\\/11\\\/el-limon-revoltoso-con-la-tribu-ajena-y-la-permacultura\\\/#primaryimage\"},\"thumbnailUrl\":\"https:\\\/\\\/www.latribuajena.org\\\/wp-content\\\/uploads\\\/2024\\\/06\\\/Limon1.jpeg\",\"datePublished\":\"2024-06-11T00:15:35+00:00\",\"dateModified\":\"2024-06-11T00:25:09+00:00\",\"breadcrumb\":{\"@id\":\"https:\\\/\\\/www.latribuajena.org\\\/2024\\\/06\\\/11\\\/el-limon-revoltoso-con-la-tribu-ajena-y-la-permacultura\\\/#breadcrumb\"},\"inLanguage\":\"en-US\",\"potentialAction\":[{\"@type\":\"ReadAction\",\"target\":[\"https:\\\/\\\/www.latribuajena.org\\\/2024\\\/06\\\/11\\\/el-limon-revoltoso-con-la-tribu-ajena-y-la-permacultura\\\/\"]}]},{\"@type\":\"ImageObject\",\"inLanguage\":\"en-US\",\"@id\":\"https:\\\/\\\/www.latribuajena.org\\\/2024\\\/06\\\/11\\\/el-limon-revoltoso-con-la-tribu-ajena-y-la-permacultura\\\/#primaryimage\",\"url\":\"https:\\\/\\\/www.latribuajena.org\\\/wp-content\\\/uploads\\\/2024\\\/06\\\/Limon1.jpeg\",\"contentUrl\":\"https:\\\/\\\/www.latribuajena.org\\\/wp-content\\\/uploads\\\/2024\\\/06\\\/Limon1.jpeg\",\"width\":1882,\"height\":1184},{\"@type\":\"BreadcrumbList\",\"@id\":\"https:\\\/\\\/www.latribuajena.org\\\/2024\\\/06\\\/11\\\/el-limon-revoltoso-con-la-tribu-ajena-y-la-permacultura\\\/#breadcrumb\",\"itemListElement\":[{\"@type\":\"ListItem\",\"position\":1,\"name\":\"Portada\",\"item\":\"https:\\\/\\\/www.latribuajena.org\\\/\"},{\"@type\":\"ListItem\",\"position\":2,\"name\":\"El Lim\u00f3n Revoltoso con La Tribu Ajena y la permacultura\"}]},{\"@type\":\"WebSite\",\"@id\":\"https:\\\/\\\/www.latribuajena.org\\\/#website\",\"url\":\"https:\\\/\\\/www.latribuajena.org\\\/\",\"name\":\"La Tribu Ajena\",\"description\":\"Escuela de Vida en Permacultura\",\"publisher\":{\"@id\":\"https:\\\/\\\/www.latribuajena.org\\\/#organization\"},\"potentialAction\":[{\"@type\":\"SearchAction\",\"target\":{\"@type\":\"EntryPoint\",\"urlTemplate\":\"https:\\\/\\\/www.latribuajena.org\\\/?s={search_term_string}\"},\"query-input\":{\"@type\":\"PropertyValueSpecification\",\"valueRequired\":true,\"valueName\":\"search_term_string\"}}],\"inLanguage\":\"en-US\"},{\"@type\":\"Organization\",\"@id\":\"https:\\\/\\\/www.latribuajena.org\\\/#organization\",\"name\":\"La Tribu Ajena\",\"url\":\"https:\\\/\\\/www.latribuajena.org\\\/\",\"logo\":{\"@type\":\"ImageObject\",\"inLanguage\":\"en-US\",\"@id\":\"https:\\\/\\\/www.latribuajena.org\\\/#\\\/schema\\\/logo\\\/image\\\/\",\"url\":\"https:\\\/\\\/www.latribuajena.org\\\/wp-content\\\/uploads\\\/2022\\\/01\\\/logo-tribu-ajena-1.png\",\"contentUrl\":\"https:\\\/\\\/www.latribuajena.org\\\/wp-content\\\/uploads\\\/2022\\\/01\\\/logo-tribu-ajena-1.png\",\"width\":200,\"height\":255,\"caption\":\"La Tribu Ajena\"},\"image\":{\"@id\":\"https:\\\/\\\/www.latribuajena.org\\\/#\\\/schema\\\/logo\\\/image\\\/\"}},{\"@type\":\"Person\",\"@id\":\"https:\\\/\\\/www.latribuajena.org\\\/#\\\/schema\\\/person\\\/93e02478315b3b2bbb350c9e2b861f51\",\"name\":\"Mari\u00e1n\",\"sameAs\":[\"https:\\\/\\\/www.latribuajena.org\\\/\"],\"url\":\"https:\\\/\\\/www.latribuajena.org\\\/en\\\/author\\\/latribuajena\\\/\"}]}<\/script>\n<!-- \/ Yoast SEO plugin. -->","yoast_head_json":{"title":"El Lim\u00f3n Revoltoso con La Tribu Ajena y la permacultura - La Tribu Ajena","robots":{"index":"index","follow":"follow","max-snippet":"max-snippet:-1","max-image-preview":"max-image-preview:large","max-video-preview":"max-video-preview:-1"},"canonical":"https:\/\/www.latribuajena.org\/en\/2024\/06\/11\/el-limon-revoltoso-con-la-tribu-ajena-y-la-permacultura\/","og_locale":"en_US","og_type":"article","og_title":"El Lim\u00f3n Revoltoso con La Tribu Ajena y la permacultura - La Tribu Ajena","og_description":"En el programa de hoy hablamos con Marian Ru\u00edz, profesional de gran recorrido y experiencia dentro del \u00e1mbito cultural, pero que viene a hablarnos de otro proyecto, un proyecto de vida basado en la permacultura, y el compromiso de la tierra. Nos da una lecci\u00f3n impresionante de como ella y su pareja han construido un proyecto que se est\u00e1 convirtiendo&hellip;","og_url":"https:\/\/www.latribuajena.org\/en\/2024\/06\/11\/el-limon-revoltoso-con-la-tribu-ajena-y-la-permacultura\/","og_site_name":"La Tribu Ajena","article_published_time":"2024-06-11T00:15:35+00:00","article_modified_time":"2024-06-11T00:25:09+00:00","og_image":[{"width":1882,"height":1184,"url":"https:\/\/www.latribuajena.org\/wp-content\/uploads\/2024\/06\/Limon1.jpeg","type":"image\/jpeg"}],"author":"Mari\u00e1n","twitter_card":"summary_large_image","twitter_misc":{"Written by":"Mari\u00e1n","Est. reading time":"2 minutes"},"schema":{"@context":"https:\/\/schema.org","@graph":[{"@type":"Article","@id":"https:\/\/www.latribuajena.org\/2024\/06\/11\/el-limon-revoltoso-con-la-tribu-ajena-y-la-permacultura\/#article","isPartOf":{"@id":"https:\/\/www.latribuajena.org\/2024\/06\/11\/el-limon-revoltoso-con-la-tribu-ajena-y-la-permacultura\/"},"author":{"name":"Mari\u00e1n","@id":"https:\/\/www.latribuajena.org\/#\/schema\/person\/93e02478315b3b2bbb350c9e2b861f51"},"headline":"El Lim\u00f3n Revoltoso con La Tribu Ajena y la permacultura","datePublished":"2024-06-11T00:15:35+00:00","dateModified":"2024-06-11T00:25:09+00:00","mainEntityOfPage":{"@id":"https:\/\/www.latribuajena.org\/2024\/06\/11\/el-limon-revoltoso-con-la-tribu-ajena-y-la-permacultura\/"},"wordCount":110,"publisher":{"@id":"https:\/\/www.latribuajena.org\/#organization"},"image":{"@id":"https:\/\/www.latribuajena.org\/2024\/06\/11\/el-limon-revoltoso-con-la-tribu-ajena-y-la-permacultura\/#primaryimage"},"thumbnailUrl":"https:\/\/www.latribuajena.org\/wp-content\/uploads\/2024\/06\/Limon1.jpeg","articleSection":["Historias de la Tribu"],"inLanguage":"en-US"},{"@type":"WebPage","@id":"https:\/\/www.latribuajena.org\/2024\/06\/11\/el-limon-revoltoso-con-la-tribu-ajena-y-la-permacultura\/","url":"https:\/\/www.latribuajena.org\/2024\/06\/11\/el-limon-revoltoso-con-la-tribu-ajena-y-la-permacultura\/","name":"El Lim\u00f3n Revoltoso con La Tribu Ajena y la permacultura - La Tribu Ajena","isPartOf":{"@id":"https:\/\/www.latribuajena.org\/#website"},"primaryImageOfPage":{"@id":"https:\/\/www.latribuajena.org\/2024\/06\/11\/el-limon-revoltoso-con-la-tribu-ajena-y-la-permacultura\/#primaryimage"},"image":{"@id":"https:\/\/www.latribuajena.org\/2024\/06\/11\/el-limon-revoltoso-con-la-tribu-ajena-y-la-permacultura\/#primaryimage"},"thumbnailUrl":"https:\/\/www.latribuajena.org\/wp-content\/uploads\/2024\/06\/Limon1.jpeg","datePublished":"2024-06-11T00:15:35+00:00","dateModified":"2024-06-11T00:25:09+00:00","breadcrumb":{"@id":"https:\/\/www.latribuajena.org\/2024\/06\/11\/el-limon-revoltoso-con-la-tribu-ajena-y-la-permacultura\/#breadcrumb"},"inLanguage":"en-US","potentialAction":[{"@type":"ReadAction","target":["https:\/\/www.latribuajena.org\/2024\/06\/11\/el-limon-revoltoso-con-la-tribu-ajena-y-la-permacultura\/"]}]},{"@type":"ImageObject","inLanguage":"en-US","@id":"https:\/\/www.latribuajena.org\/2024\/06\/11\/el-limon-revoltoso-con-la-tribu-ajena-y-la-permacultura\/#primaryimage","url":"https:\/\/www.latribuajena.org\/wp-content\/uploads\/2024\/06\/Limon1.jpeg","contentUrl":"https:\/\/www.latribuajena.org\/wp-content\/uploads\/2024\/06\/Limon1.jpeg","width":1882,"height":1184},{"@type":"BreadcrumbList","@id":"https:\/\/www.latribuajena.org\/2024\/06\/11\/el-limon-revoltoso-con-la-tribu-ajena-y-la-permacultura\/#breadcrumb","itemListElement":[{"@type":"ListItem","position":1,"name":"Portada","item":"https:\/\/www.latribuajena.org\/"},{"@type":"ListItem","position":2,"name":"El Lim\u00f3n Revoltoso con La Tribu Ajena y la permacultura"}]},{"@type":"WebSite","@id":"https:\/\/www.latribuajena.org\/#website","url":"https:\/\/www.latribuajena.org\/","name":"La Tribu Ajena","description":"Permaculture Living School","publisher":{"@id":"https:\/\/www.latribuajena.org\/#organization"},"potentialAction":[{"@type":"SearchAction","target":{"@type":"EntryPoint","urlTemplate":"https:\/\/www.latribuajena.org\/?s={search_term_string}"},"query-input":{"@type":"PropertyValueSpecification","valueRequired":true,"valueName":"search_term_string"}}],"inLanguage":"en-US"},{"@type":"Organization","@id":"https:\/\/www.latribuajena.org\/#organization","name":"La Tribu Ajena","url":"https:\/\/www.latribuajena.org\/","logo":{"@type":"ImageObject","inLanguage":"en-US","@id":"https:\/\/www.latribuajena.org\/#\/schema\/logo\/image\/","url":"https:\/\/www.latribuajena.org\/wp-content\/uploads\/2022\/01\/logo-tribu-ajena-1.png","contentUrl":"https:\/\/www.latribuajena.org\/wp-content\/uploads\/2022\/01\/logo-tribu-ajena-1.png","width":200,"height":255,"caption":"La Tribu Ajena"},"image":{"@id":"https:\/\/www.latribuajena.org\/#\/schema\/logo\/image\/"}},{"@type":"Person","@id":"https:\/\/www.latribuajena.org\/#\/schema\/person\/93e02478315b3b2bbb350c9e2b861f51","name":"Mari\u00e1n","sameAs":["https:\/\/www.latribuajena.org\/"],"url":"https:\/\/www.latribuajena.org\/en\/author\/latribuajena\/"}]}},"_links":{"self":[{"href":"https:\/\/www.latribuajena.org\/en\/wp-json\/wp\/v2\/posts\/1943","targetHints":{"allow":["GET"]}}],"collection":[{"href":"https:\/\/www.latribuajena.org\/en\/wp-json\/wp\/v2\/posts"}],"about":[{"href":"https:\/\/www.latribuajena.org\/en\/wp-json\/wp\/v2\/types\/post"}],"author":[{"embeddable":true,"href":"https:\/\/www.latribuajena.org\/en\/wp-json\/wp\/v2\/users\/3"}],"replies":[{"embeddable":true,"href":"https:\/\/www.latribuajena.org\/en\/wp-json\/wp\/v2\/comments?post=1943"}],"version-history":[{"count":4,"href":"https:\/\/www.latribuajena.org\/en\/wp-json\/wp\/v2\/posts\/1943\/revisions"}],"predecessor-version":[{"id":1948,"href":"https:\/\/www.latribuajena.org\/en\/wp-json\/wp\/v2\/posts\/1943\/revisions\/1948"}],"wp:featuredmedia":[{"embeddable":true,"href":"https:\/\/www.latribuajena.org\/en\/wp-json\/wp\/v2\/media\/1944"}],"wp:attachment":[{"href":"https:\/\/www.latribuajena.org\/en\/wp-json\/wp\/v2\/media?parent=1943"}],"wp:term":[{"taxonomy":"category","embeddable":true,"href":"https:\/\/www.latribuajena.org\/en\/wp-json\/wp\/v2\/categories?post=1943"},{"taxonomy":"post_tag","embeddable":true,"href":"https:\/\/www.latribuajena.org\/en\/wp-json\/wp\/v2\/tags?post=1943"}],"curies":[{"name":"wp","href":"https:\/\/api.w.org\/{rel}","templated":true}]}}