{"id":813,"date":"2022-04-19T19:54:16","date_gmt":"2022-04-19T19:54:16","guid":{"rendered":"https:\/\/www.latribuajena.org\/?p=813"},"modified":"2023-02-23T13:58:29","modified_gmt":"2023-02-23T13:58:29","slug":"mi-primera-experiencia-en-un-voluntariado-de-permacultura-con-la-tribu-ajena","status":"publish","type":"post","link":"https:\/\/www.latribuajena.org\/es\/2022\/04\/19\/mi-primera-experiencia-en-un-voluntariado-de-permacultura-con-la-tribu-ajena\/","title":{"rendered":"Mi primera experiencia en un voluntariado de permacultura con La Tribu Ajena"},"content":{"rendered":"<h2>Por Isabel de Le\u00f3n, 2020.<\/h2>\n<figure class=\"wp-block-image size-large\"><img loading=\"lazy\" decoding=\"async\" class=\"alignnone size-full wp-image-868\" src=\"https:\/\/www.latribuajena.org\/wp-content\/uploads\/2022\/10\/la-tribu-ajena-e1659287501832.jpg\" alt=\"\" width=\"1024\" height=\"644\" srcset=\"https:\/\/www.latribuajena.org\/wp-content\/uploads\/2022\/10\/la-tribu-ajena-e1659287501832.jpg 1024w, https:\/\/www.latribuajena.org\/wp-content\/uploads\/2022\/10\/la-tribu-ajena-e1659287501832-300x189.jpg 300w, https:\/\/www.latribuajena.org\/wp-content\/uploads\/2022\/10\/la-tribu-ajena-e1659287501832-768x483.jpg 768w, https:\/\/www.latribuajena.org\/wp-content\/uploads\/2022\/10\/la-tribu-ajena-e1659287501832-18x12.jpg 18w\" sizes=\"auto, (max-width: 1024px) 100vw, 1024px\" \/><figcaption>La Tribu Ajena en un d\u00eda cualquiera de faena.<\/figcaption><\/figure>\n<p data-adtags-visited=\"true\"><strong>La Tribu Ajena comprende una hect\u00e1rea que se encuentra en la Vega del Guadalquivir, en Sevilla. <\/strong>Cuando entr\u00e9 en contacto con el proyecto, Mari\u00e1n y Kanu, la pareja responsable, principalmente <strong>necesitaban ayuda para terminar de hacer ladrillos de adobe<\/strong>.<\/p>\n<p data-adtags-visited=\"true\">Pero todav\u00eda hay mucho trabajo por realizar, La Tribu Ajena lleva dos a\u00f1os y medio de andadura y <strong>apenas hace un a\u00f1o que est\u00e1 abierta a la colaboraci\u00f3n.<\/strong> As\u00ed que si te interesan los proyectos que est\u00e1n empezando, hay para desarrollar otras actividades, como montar la huerta de invierno, plantar \u00e1rboles y arbustos o terminar el estanque. \u00a1Aparte de que a\u00fan est\u00e1 por levantarse la casita de adobe, claro!<\/p>\n<p data-adtags-visited=\"true\">Con los ladrillos de adobe <strong>el proyecto va dando pasitos para convertirse en una escuela de permacultura.<\/strong> Mari\u00e1n y Kanu sue\u00f1an con ense\u00f1ar m\u00e1s de la vida en comunidad y acerca de un estilo de vida m\u00e1s sostenible. Esto es una de las cosas que definitivamente me enamor\u00f3 de la Tribu Ajena y me impuls\u00f3 a iniciar un voluntariado con ellos.<\/p>\n<p data-adtags-visited=\"true\"><strong>\u00bfC\u00f3mo di con el voluntariado?<\/strong> Mis amigos me recomendaron usar portales como \u00abWorkaway\u00bb o \u00abWorldpackers\u00bb para encontrar mi primera oportunidad, pero en esta ocasi\u00f3n<strong> fue gracias a trav\u00e9s de \u00abPermacultura en Andaluc\u00eda\u00bb, una p\u00e1gina en Facebook,<\/strong> que di con esta experiencia. De esta forma me ahorr\u00e9 las tarifas que se suelen imponer en los portales del trabajo de voluntariado. Fue una suerte, la verdad. Recomiendo unirse a todas las p\u00e1ginas que se pueda sobre permacultura en Facebook; \u00a1no se pierde nada!<\/p>\n<h2>El d\u00eda a d\u00eda<\/h2>\n<figure class=\"wp-block-image size-large\"><img decoding=\"async\" class=\"wp-image-67\" src=\"https:\/\/permaculturabasics.files.wordpress.com\/2020\/10\/los-ladrillacos.jpg?w=960\" sizes=\"(max-width: 960px) 100vw, 960px\" srcset=\"https:\/\/permaculturabasics.files.wordpress.com\/2020\/10\/los-ladrillacos.jpg 960w, https:\/\/permaculturabasics.files.wordpress.com\/2020\/10\/los-ladrillacos.jpg?w=150 150w, https:\/\/permaculturabasics.files.wordpress.com\/2020\/10\/los-ladrillacos.jpg?w=300 300w, https:\/\/permaculturabasics.files.wordpress.com\/2020\/10\/los-ladrillacos.jpg?w=768 768w\" alt=\"\" data-attachment-id=\"67\" data-permalink=\"https:\/\/permaculturabasics.wordpress.com\/los-ladrillacos\/\" data-orig-file=\"https:\/\/permaculturabasics.files.wordpress.com\/2020\/10\/los-ladrillacos.jpg\" data-orig-size=\"960,541\" data-comments-opened=\"1\" data-image-meta=\"{&quot;aperture&quot;:&quot;0&quot;,&quot;credit&quot;:&quot;&quot;,&quot;camera&quot;:&quot;&quot;,&quot;caption&quot;:&quot;&quot;,&quot;created_timestamp&quot;:&quot;0&quot;,&quot;copyright&quot;:&quot;&quot;,&quot;focal_length&quot;:&quot;0&quot;,&quot;iso&quot;:&quot;0&quot;,&quot;shutter_speed&quot;:&quot;0&quot;,&quot;title&quot;:&quot;&quot;,&quot;orientation&quot;:&quot;0&quot;}\" data-image-title=\"los-ladrillacos\" data-image-description=\"\" data-image-caption=\"\" data-medium-file=\"https:\/\/permaculturabasics.files.wordpress.com\/2020\/10\/los-ladrillacos.jpg?w=300\" data-large-file=\"https:\/\/permaculturabasics.files.wordpress.com\/2020\/10\/los-ladrillacos.jpg?w=750\" loading=\"lazy\" \/><figcaption>Ladrillos de adobe reci\u00e9n hechos.<\/figcaption><\/figure>\n<p data-adtags-visited=\"true\"><strong>Nos reun\u00edamos a las 7:15 para tomar un poco de caf\u00e9, desperezarnos<\/strong>. Kanu y Mari\u00e1n nos propon\u00edan una din\u00e1mica de grupo ma\u00f1anera para espabilarnos y empezar el d\u00eda con muy buen rollo (ver aqu\u00ed las din\u00e1micas).<strong> A eso de las 7,45 empezamos a raspar los ladrillos de la jornada anterior<\/strong> y los transportamos en carretillas hasta su lugar de almacenamiento, junto a la piscina. \u00a0Mientras, algunos compa\u00f1eros se encargan de preparar el desayuno. Tostadas, avena, tomate rallado, huevos revueltos, fruta cortada\u2026 All\u00ed no faltaba de nada.<strong> A las 9:30 paramos para desayunar<\/strong> todas estas maravillas juntos.<\/p>\n<p data-adtags-visited=\"true\"><strong>Sobre las 10:30<\/strong> y tras un desayuno distendido, <strong>toca moldear los ladrillos<\/strong>. (Este procedimiento lo explicar\u00e9 detalladamente en otro post para no hacer este muy largo) Algunos compa\u00f1eros se encargan de llevar la mezcla a donde estaban los moldeadores y cuando esta se acababa, <strong>sobre las 13:30, se comienza a preparar el adobe para ma\u00f1ana.<\/strong> A cavar para llenar carretillas de tierra, a llevar la tierra a donde est\u00e1 la \u00abpiscina de barro\u00bb, luego a cargar otras tantas carretillas con arena a punta de pala\u2026. <strong>Esta puede que sea la parte m\u00e1s dura,<\/strong> por ser la m\u00e1s f\u00edsica, pero luego viene un almuerzo que merece la pena. \u00a1Ah! <strong>Las comidas son vegetarianas.<\/strong><\/p>\n<p data-adtags-visited=\"true\">Despu\u00e9s del almuerzo en comunidad, algunxs se quedan en La Tribu a dormir y otrxs al acabar las horas de trabajo, se van. Cada uno es libre de hacer lo que le plazca.<\/p>\n<p data-adtags-visited=\"true\">La cena oficialmente no se incluye en el hospedaje pero Mari\u00e1n y Kanu no tienen problemas con que haya picoteo nocturno.<\/p>\n<h2>La vida en comunidad<\/h2>\n<figure class=\"wp-block-image size-large\"><img decoding=\"async\" class=\"wp-image-62\" src=\"https:\/\/permaculturabasics.files.wordpress.com\/2020\/10\/vida-en-comunidad.jpg?w=768\" sizes=\"(max-width: 768px) 100vw, 768px\" srcset=\"https:\/\/permaculturabasics.files.wordpress.com\/2020\/10\/vida-en-comunidad.jpg 768w, https:\/\/permaculturabasics.files.wordpress.com\/2020\/10\/vida-en-comunidad.jpg?w=113 113w, https:\/\/permaculturabasics.files.wordpress.com\/2020\/10\/vida-en-comunidad.jpg?w=225 225w\" alt=\"\" data-attachment-id=\"62\" data-permalink=\"https:\/\/permaculturabasics.wordpress.com\/vida-en-comunidad\/\" data-orig-file=\"https:\/\/permaculturabasics.files.wordpress.com\/2020\/10\/vida-en-comunidad.jpg\" data-orig-size=\"768,1024\" data-comments-opened=\"1\" data-image-meta=\"{&quot;aperture&quot;:&quot;0&quot;,&quot;credit&quot;:&quot;&quot;,&quot;camera&quot;:&quot;&quot;,&quot;caption&quot;:&quot;&quot;,&quot;created_timestamp&quot;:&quot;0&quot;,&quot;copyright&quot;:&quot;&quot;,&quot;focal_length&quot;:&quot;0&quot;,&quot;iso&quot;:&quot;0&quot;,&quot;shutter_speed&quot;:&quot;0&quot;,&quot;title&quot;:&quot;&quot;,&quot;orientation&quot;:&quot;0&quot;}\" data-image-title=\"vida-en-comunidad\" data-image-description=\"\" data-image-caption=\"\" data-medium-file=\"https:\/\/permaculturabasics.files.wordpress.com\/2020\/10\/vida-en-comunidad.jpg?w=225\" data-large-file=\"https:\/\/permaculturabasics.files.wordpress.com\/2020\/10\/vida-en-comunidad.jpg?w=750\" loading=\"lazy\" \/><\/figure>\n<p>T\u00edpico almuerzo despu\u00e9s de darle duro al adobe.<\/p>\n<p data-adtags-visited=\"true\"><strong>La estancia m\u00ednima es de una semana<\/strong>. Hay mucha rotaci\u00f3n de personas y los perfiles son muy diferentes. Durante mi estancia, una de las personas m\u00e1s j\u00f3venes fue una chica francesa de 21 a\u00f1os y la m\u00e1s mayor, una mujer inglesa de 60 a\u00f1os.<\/p>\n<p data-adtags-visited=\"true\"><strong>Una de las cosas que mas disfrut\u00e9 fue de las conversaciones<\/strong> que se centraban fuertemente en formas de vida alternativa, afines a la permacultura.\u00a0 Por otra parte, mucha gente expon\u00eda sin tapujos su filosof\u00eda de vida personal o hablaban sobre las experiencias o los libros que les hab\u00eda marcado, etc.<\/p>\n<p data-adtags-visited=\"true\">De repente vi que <strong>esos pensamientos que sol\u00eda catalogar como \u00abraros\u00bb<\/strong> o dif\u00edciles de exponer en mi cotidianidad, <strong>ten\u00edan cabida en una comunidad comprensiva y abierta. <\/strong><\/p>\n<p data-adtags-visited=\"true\">En la convivencia es inevitable que haya personas con las que se tengan m\u00e1s puntos en com\u00fan que con otras, pero esto no complica la vida en com\u00fan sino que la enriquece. <strong>Todo el mundo se mostraba participativo y receptivo<\/strong>. Mientras estuve all\u00ed hubo propuestas que sal\u00edan de los propios voluntarios para realizar en com\u00fan: talleres de biodanza, elaboraci\u00f3n de manualidades, clases de yoga, etc<\/p>\n<p data-adtags-visited=\"true\">\u00a0<strong>Yo aprovech\u00e9 para ofrecer tiradas de tarot evolutivo <\/strong>y explicar m\u00e1s acerca de los arcanos mayores. El tarot lo utilizo como una herramienta psicol\u00f3gica y si te interesa el tema <a href=\"https:\/\/beatrizdepares.com\/tarot-jodorowsky-marsella-evolutivo-barcelona-lecturas-metagenealogia\/\">puedes pinchar aqu\u00ed <\/a>e informarte.<\/p>\n<h2>Las instalaciones de los voluntarios<\/h2>\n<figure class=\"wp-block-image size-large\"><img decoding=\"async\" class=\"wp-image-64\" src=\"https:\/\/permaculturabasics.files.wordpress.com\/2020\/10\/casita-de-los-voluntarios.jpg?w=960\" sizes=\"(max-width: 960px) 100vw, 960px\" srcset=\"https:\/\/permaculturabasics.files.wordpress.com\/2020\/10\/casita-de-los-voluntarios.jpg 960w, https:\/\/permaculturabasics.files.wordpress.com\/2020\/10\/casita-de-los-voluntarios.jpg?w=150 150w, https:\/\/permaculturabasics.files.wordpress.com\/2020\/10\/casita-de-los-voluntarios.jpg?w=300 300w, https:\/\/permaculturabasics.files.wordpress.com\/2020\/10\/casita-de-los-voluntarios.jpg?w=768 768w\" alt=\"\" data-attachment-id=\"64\" data-permalink=\"https:\/\/permaculturabasics.wordpress.com\/casita-de-los-voluntarios\/\" data-orig-file=\"https:\/\/permaculturabasics.files.wordpress.com\/2020\/10\/casita-de-los-voluntarios.jpg\" data-orig-size=\"960,720\" data-comments-opened=\"1\" data-image-meta=\"{&quot;aperture&quot;:&quot;0&quot;,&quot;credit&quot;:&quot;&quot;,&quot;camera&quot;:&quot;&quot;,&quot;caption&quot;:&quot;&quot;,&quot;created_timestamp&quot;:&quot;0&quot;,&quot;copyright&quot;:&quot;&quot;,&quot;focal_length&quot;:&quot;0&quot;,&quot;iso&quot;:&quot;0&quot;,&quot;shutter_speed&quot;:&quot;0&quot;,&quot;title&quot;:&quot;&quot;,&quot;orientation&quot;:&quot;0&quot;}\" data-image-title=\"casita-de-los-voluntarios\" data-image-description=\"\" data-image-caption=\"\" data-medium-file=\"https:\/\/permaculturabasics.files.wordpress.com\/2020\/10\/casita-de-los-voluntarios.jpg?w=300\" data-large-file=\"https:\/\/permaculturabasics.files.wordpress.com\/2020\/10\/casita-de-los-voluntarios.jpg?w=750\" loading=\"lazy\" \/><\/figure>\n<p>La casita de los voluntarios.<\/p>\n<p data-adtags-visited=\"true\">La pareja vive en una casa y aparte <strong>hay una casa comunitaria para los voluntarixs.<\/strong> Ah\u00ed est\u00e1 la cocina y una sala de estar. Ideal para pasar el rato. Hay para cargar los m\u00f3viles, juegos de mesa, pinturas\u2026 \u00a1Bastante acogedor!<strong> Cuenta con una ducha y el wc es un ba\u00f1o seco.<\/strong> Afuera, hay otra ducha para cuando el calor aprieta (debajo de un banano, muy chula) y otro ba\u00f1o seco, este para \u201caguas mayores\u201d. <strong>El pip\u00ed es recomendable hacerlo en cualquier zona discreta de la parcela.<\/strong> A fin de cuentas, el nitr\u00f3geno de la urea es buen\u00edsimo para los \u00e1rboles.<\/p>\n<p data-adtags-visited=\"true\">Los voluntarios <strong>nos quedamos a dormir en tiendas de campa\u00f1a que nos proporcionaron ah\u00ed.<\/strong> Con colch\u00f3n, cojines y todo, Mari\u00e1n y Kanu son muy atentos.<\/p>\n<p data-adtags-visited=\"true\">Cuando llegu\u00e9, hab\u00eda una haima (o jaima) bastante chula en la que te pod\u00edas echar la siesta o simplemente pasar el rato pero con las lluvias tuvimos que quitarla porque se calaba el agua.<\/p>\n<h2>Mi valoraci\u00f3n de la experiencia<\/h2>\n<figure class=\"wp-block-image size-large\"><img decoding=\"async\" class=\"wp-image-68\" src=\"https:\/\/permaculturabasics.files.wordpress.com\/2020\/10\/ojo-de-dios.jpg?w=1024\" sizes=\"(max-width: 1024px) 100vw, 1024px\" srcset=\"https:\/\/permaculturabasics.files.wordpress.com\/2020\/10\/ojo-de-dios.jpg 1024w, https:\/\/permaculturabasics.files.wordpress.com\/2020\/10\/ojo-de-dios.jpg?w=150 150w, https:\/\/permaculturabasics.files.wordpress.com\/2020\/10\/ojo-de-dios.jpg?w=300 300w, https:\/\/permaculturabasics.files.wordpress.com\/2020\/10\/ojo-de-dios.jpg?w=768 768w\" alt=\"\" data-attachment-id=\"68\" data-permalink=\"https:\/\/permaculturabasics.wordpress.com\/ojo-de-dios\/\" data-orig-file=\"https:\/\/permaculturabasics.files.wordpress.com\/2020\/10\/ojo-de-dios.jpg\" data-orig-size=\"1024,767\" data-comments-opened=\"1\" data-image-meta=\"{&quot;aperture&quot;:&quot;0&quot;,&quot;credit&quot;:&quot;&quot;,&quot;camera&quot;:&quot;&quot;,&quot;caption&quot;:&quot;&quot;,&quot;created_timestamp&quot;:&quot;1602119162&quot;,&quot;copyright&quot;:&quot;&quot;,&quot;focal_length&quot;:&quot;0&quot;,&quot;iso&quot;:&quot;0&quot;,&quot;shutter_speed&quot;:&quot;0&quot;,&quot;title&quot;:&quot;&quot;,&quot;orientation&quot;:&quot;1&quot;}\" data-image-title=\"ojo-de-dios\" data-image-description=\"\" data-image-caption=\"\" data-medium-file=\"https:\/\/permaculturabasics.files.wordpress.com\/2020\/10\/ojo-de-dios.jpg?w=300\" data-large-file=\"https:\/\/permaculturabasics.files.wordpress.com\/2020\/10\/ojo-de-dios.jpg?w=750\" loading=\"lazy\" \/><\/figure>\n<p>\u00a1Me encant\u00f3 aprender a hacer Ojos de Dios!<\/p>\n<p data-adtags-visited=\"true\">Estuve tres semanas y puedo decir que<strong> la experiencia ha sido muy positiva <\/strong>y sin duda recomiendo a todo el mundo que busque hacer un voluntariado en permacultura que se pase por la Tribu Ajena.<\/p>\n<p data-adtags-visited=\"true\"><strong>Mari\u00e1n y Kanu son unas excelentes personas<\/strong>, aparte de que se nota que tienen formaci\u00f3n en la facilitaci\u00f3n de grupos. Ellos animan a los voluntarios a dar lo mejor de s\u00ed mismos, a que las personas se conozcan mejor\u2026 Aparte de todo el aprendizaje que implica vivir bajo la filosof\u00eda de la permacultura. A d\u00eda de hoy me he vuelto mucho m\u00e1s consciente de la procedencia de los productos que consumo y me fijo mucho m\u00e1s en la vida en el campo.<\/p>\n<p data-adtags-visited=\"true\"><em>(Este texto fue publicado originalmente por <span class=\"author-heading\"><strong>Isabel De Le\u00f3n<\/strong> en su <a href=\"https:\/\/permaculturabasics.wordpress.com\/2020\/10\/08\/mi-primera-experiencia-en-un-voluntariado-de-permacultura-con-la-tribu-ajena\/\" target=\"_blank\" rel=\"noopener\">blog<\/a> el <span class=\"posted-on\">8 octubre, 2020)<\/span><\/span><\/em><\/p>\n","protected":false},"excerpt":{"rendered":"<p>Por Isabel de Le\u00f3n, 2020. La Tribu Ajena en un d\u00eda cualquiera de faena. La Tribu Ajena comprende una hect\u00e1rea que se encuentra en la Vega del Guadalquivir, en Sevilla. Cuando entr\u00e9 en contacto con el proyecto, Mari\u00e1n y Kanu, la pareja responsable, principalmente necesitaban ayuda para terminar de hacer ladrillos de adobe. Pero todav\u00eda hay mucho trabajo por realizar,&hellip;<\/p>\n","protected":false},"author":3,"featured_media":868,"comment_status":"closed","ping_status":"closed","sticky":false,"template":"","format":"standard","meta":{"footnotes":""},"categories":[9],"tags":[],"class_list":["post-813","post","type-post","status-publish","format-standard","has-post-thumbnail","hentry","category-historias-de-la-tribu"],"yoast_head":"<!-- This site is optimized with the Yoast SEO plugin v27.5 - https:\/\/yoast.com\/product\/yoast-seo-wordpress\/ -->\n<title>Mi primera experiencia en un voluntariado de permacultura con La Tribu Ajena - La Tribu Ajena<\/title>\n<meta name=\"robots\" content=\"index, follow, max-snippet:-1, max-image-preview:large, max-video-preview:-1\" \/>\n<link rel=\"canonical\" href=\"https:\/\/www.latribuajena.org\/es\/2022\/04\/19\/mi-primera-experiencia-en-un-voluntariado-de-permacultura-con-la-tribu-ajena\/\" \/>\n<meta property=\"og:locale\" content=\"es_ES\" \/>\n<meta property=\"og:type\" content=\"article\" \/>\n<meta property=\"og:title\" content=\"Mi primera experiencia en un voluntariado de permacultura con La Tribu Ajena - La Tribu Ajena\" \/>\n<meta property=\"og:description\" content=\"Por Isabel de Le\u00f3n, 2020. La Tribu Ajena en un d\u00eda cualquiera de faena. La Tribu Ajena comprende una hect\u00e1rea que se encuentra en la Vega del Guadalquivir, en Sevilla. Cuando entr\u00e9 en contacto con el proyecto, Mari\u00e1n y Kanu, la pareja responsable, principalmente necesitaban ayuda para terminar de hacer ladrillos de adobe. Pero todav\u00eda hay mucho trabajo por realizar,&hellip;\" \/>\n<meta property=\"og:url\" content=\"https:\/\/www.latribuajena.org\/es\/2022\/04\/19\/mi-primera-experiencia-en-un-voluntariado-de-permacultura-con-la-tribu-ajena\/\" \/>\n<meta property=\"og:site_name\" content=\"La Tribu Ajena\" \/>\n<meta property=\"article:published_time\" content=\"2022-04-19T19:54:16+00:00\" \/>\n<meta property=\"article:modified_time\" content=\"2023-02-23T13:58:29+00:00\" \/>\n<meta property=\"og:image\" content=\"https:\/\/www.latribuajena.org\/wp-content\/uploads\/2022\/10\/la-tribu-ajena-e1659287501832.jpg\" \/>\n\t<meta property=\"og:image:width\" content=\"1024\" \/>\n\t<meta property=\"og:image:height\" content=\"644\" \/>\n\t<meta property=\"og:image:type\" content=\"image\/jpeg\" \/>\n<meta name=\"author\" content=\"Mari\u00e1n\" \/>\n<meta name=\"twitter:card\" content=\"summary_large_image\" \/>\n<meta name=\"twitter:label1\" content=\"Escrito por\" \/>\n\t<meta name=\"twitter:data1\" content=\"Mari\u00e1n\" \/>\n\t<meta name=\"twitter:label2\" content=\"Tiempo de lectura\" \/>\n\t<meta name=\"twitter:data2\" content=\"6 minutos\" \/>\n<script type=\"application\/ld+json\" class=\"yoast-schema-graph\">{\"@context\":\"https:\\\/\\\/schema.org\",\"@graph\":[{\"@type\":\"Article\",\"@id\":\"https:\\\/\\\/www.latribuajena.org\\\/2022\\\/04\\\/19\\\/mi-primera-experiencia-en-un-voluntariado-de-permacultura-con-la-tribu-ajena\\\/#article\",\"isPartOf\":{\"@id\":\"https:\\\/\\\/www.latribuajena.org\\\/2022\\\/04\\\/19\\\/mi-primera-experiencia-en-un-voluntariado-de-permacultura-con-la-tribu-ajena\\\/\"},\"author\":{\"name\":\"Mari\u00e1n\",\"@id\":\"https:\\\/\\\/www.latribuajena.org\\\/#\\\/schema\\\/person\\\/93e02478315b3b2bbb350c9e2b861f51\"},\"headline\":\"Mi primera experiencia en un voluntariado de permacultura con La Tribu Ajena\",\"datePublished\":\"2022-04-19T19:54:16+00:00\",\"dateModified\":\"2023-02-23T13:58:29+00:00\",\"mainEntityOfPage\":{\"@id\":\"https:\\\/\\\/www.latribuajena.org\\\/2022\\\/04\\\/19\\\/mi-primera-experiencia-en-un-voluntariado-de-permacultura-con-la-tribu-ajena\\\/\"},\"wordCount\":1165,\"publisher\":{\"@id\":\"https:\\\/\\\/www.latribuajena.org\\\/#organization\"},\"image\":{\"@id\":\"https:\\\/\\\/www.latribuajena.org\\\/2022\\\/04\\\/19\\\/mi-primera-experiencia-en-un-voluntariado-de-permacultura-con-la-tribu-ajena\\\/#primaryimage\"},\"thumbnailUrl\":\"https:\\\/\\\/www.latribuajena.org\\\/wp-content\\\/uploads\\\/2022\\\/10\\\/la-tribu-ajena-e1659287501832.jpg\",\"articleSection\":[\"Historias de la Tribu\"],\"inLanguage\":\"es\"},{\"@type\":\"WebPage\",\"@id\":\"https:\\\/\\\/www.latribuajena.org\\\/2022\\\/04\\\/19\\\/mi-primera-experiencia-en-un-voluntariado-de-permacultura-con-la-tribu-ajena\\\/\",\"url\":\"https:\\\/\\\/www.latribuajena.org\\\/2022\\\/04\\\/19\\\/mi-primera-experiencia-en-un-voluntariado-de-permacultura-con-la-tribu-ajena\\\/\",\"name\":\"Mi primera experiencia en un voluntariado de permacultura con La Tribu Ajena - La Tribu Ajena\",\"isPartOf\":{\"@id\":\"https:\\\/\\\/www.latribuajena.org\\\/#website\"},\"primaryImageOfPage\":{\"@id\":\"https:\\\/\\\/www.latribuajena.org\\\/2022\\\/04\\\/19\\\/mi-primera-experiencia-en-un-voluntariado-de-permacultura-con-la-tribu-ajena\\\/#primaryimage\"},\"image\":{\"@id\":\"https:\\\/\\\/www.latribuajena.org\\\/2022\\\/04\\\/19\\\/mi-primera-experiencia-en-un-voluntariado-de-permacultura-con-la-tribu-ajena\\\/#primaryimage\"},\"thumbnailUrl\":\"https:\\\/\\\/www.latribuajena.org\\\/wp-content\\\/uploads\\\/2022\\\/10\\\/la-tribu-ajena-e1659287501832.jpg\",\"datePublished\":\"2022-04-19T19:54:16+00:00\",\"dateModified\":\"2023-02-23T13:58:29+00:00\",\"breadcrumb\":{\"@id\":\"https:\\\/\\\/www.latribuajena.org\\\/2022\\\/04\\\/19\\\/mi-primera-experiencia-en-un-voluntariado-de-permacultura-con-la-tribu-ajena\\\/#breadcrumb\"},\"inLanguage\":\"es\",\"potentialAction\":[{\"@type\":\"ReadAction\",\"target\":[\"https:\\\/\\\/www.latribuajena.org\\\/2022\\\/04\\\/19\\\/mi-primera-experiencia-en-un-voluntariado-de-permacultura-con-la-tribu-ajena\\\/\"]}]},{\"@type\":\"ImageObject\",\"inLanguage\":\"es\",\"@id\":\"https:\\\/\\\/www.latribuajena.org\\\/2022\\\/04\\\/19\\\/mi-primera-experiencia-en-un-voluntariado-de-permacultura-con-la-tribu-ajena\\\/#primaryimage\",\"url\":\"https:\\\/\\\/www.latribuajena.org\\\/wp-content\\\/uploads\\\/2022\\\/10\\\/la-tribu-ajena-e1659287501832.jpg\",\"contentUrl\":\"https:\\\/\\\/www.latribuajena.org\\\/wp-content\\\/uploads\\\/2022\\\/10\\\/la-tribu-ajena-e1659287501832.jpg\",\"width\":1024,\"height\":644},{\"@type\":\"BreadcrumbList\",\"@id\":\"https:\\\/\\\/www.latribuajena.org\\\/2022\\\/04\\\/19\\\/mi-primera-experiencia-en-un-voluntariado-de-permacultura-con-la-tribu-ajena\\\/#breadcrumb\",\"itemListElement\":[{\"@type\":\"ListItem\",\"position\":1,\"name\":\"Portada\",\"item\":\"https:\\\/\\\/www.latribuajena.org\\\/\"},{\"@type\":\"ListItem\",\"position\":2,\"name\":\"Mi primera experiencia en un voluntariado de permacultura con La Tribu Ajena\"}]},{\"@type\":\"WebSite\",\"@id\":\"https:\\\/\\\/www.latribuajena.org\\\/#website\",\"url\":\"https:\\\/\\\/www.latribuajena.org\\\/\",\"name\":\"La Tribu Ajena\",\"description\":\"Escuela de Vida en Permacultura\",\"publisher\":{\"@id\":\"https:\\\/\\\/www.latribuajena.org\\\/#organization\"},\"potentialAction\":[{\"@type\":\"SearchAction\",\"target\":{\"@type\":\"EntryPoint\",\"urlTemplate\":\"https:\\\/\\\/www.latribuajena.org\\\/?s={search_term_string}\"},\"query-input\":{\"@type\":\"PropertyValueSpecification\",\"valueRequired\":true,\"valueName\":\"search_term_string\"}}],\"inLanguage\":\"es\"},{\"@type\":\"Organization\",\"@id\":\"https:\\\/\\\/www.latribuajena.org\\\/#organization\",\"name\":\"La Tribu Ajena\",\"url\":\"https:\\\/\\\/www.latribuajena.org\\\/\",\"logo\":{\"@type\":\"ImageObject\",\"inLanguage\":\"es\",\"@id\":\"https:\\\/\\\/www.latribuajena.org\\\/#\\\/schema\\\/logo\\\/image\\\/\",\"url\":\"https:\\\/\\\/www.latribuajena.org\\\/wp-content\\\/uploads\\\/2022\\\/01\\\/logo-tribu-ajena-1.png\",\"contentUrl\":\"https:\\\/\\\/www.latribuajena.org\\\/wp-content\\\/uploads\\\/2022\\\/01\\\/logo-tribu-ajena-1.png\",\"width\":200,\"height\":255,\"caption\":\"La Tribu Ajena\"},\"image\":{\"@id\":\"https:\\\/\\\/www.latribuajena.org\\\/#\\\/schema\\\/logo\\\/image\\\/\"}},{\"@type\":\"Person\",\"@id\":\"https:\\\/\\\/www.latribuajena.org\\\/#\\\/schema\\\/person\\\/93e02478315b3b2bbb350c9e2b861f51\",\"name\":\"Mari\u00e1n\",\"sameAs\":[\"https:\\\/\\\/www.latribuajena.org\\\/\"],\"url\":\"https:\\\/\\\/www.latribuajena.org\\\/es\\\/author\\\/latribuajena\\\/\"}]}<\/script>\n<!-- \/ Yoast SEO plugin. -->","yoast_head_json":{"title":"Mi primera experiencia en un voluntariado de permacultura con La Tribu Ajena - La Tribu Ajena","robots":{"index":"index","follow":"follow","max-snippet":"max-snippet:-1","max-image-preview":"max-image-preview:large","max-video-preview":"max-video-preview:-1"},"canonical":"https:\/\/www.latribuajena.org\/es\/2022\/04\/19\/mi-primera-experiencia-en-un-voluntariado-de-permacultura-con-la-tribu-ajena\/","og_locale":"es_ES","og_type":"article","og_title":"Mi primera experiencia en un voluntariado de permacultura con La Tribu Ajena - La Tribu Ajena","og_description":"Por Isabel de Le\u00f3n, 2020. La Tribu Ajena en un d\u00eda cualquiera de faena. La Tribu Ajena comprende una hect\u00e1rea que se encuentra en la Vega del Guadalquivir, en Sevilla. Cuando entr\u00e9 en contacto con el proyecto, Mari\u00e1n y Kanu, la pareja responsable, principalmente necesitaban ayuda para terminar de hacer ladrillos de adobe. Pero todav\u00eda hay mucho trabajo por realizar,&hellip;","og_url":"https:\/\/www.latribuajena.org\/es\/2022\/04\/19\/mi-primera-experiencia-en-un-voluntariado-de-permacultura-con-la-tribu-ajena\/","og_site_name":"La Tribu Ajena","article_published_time":"2022-04-19T19:54:16+00:00","article_modified_time":"2023-02-23T13:58:29+00:00","og_image":[{"width":1024,"height":644,"url":"https:\/\/www.latribuajena.org\/wp-content\/uploads\/2022\/10\/la-tribu-ajena-e1659287501832.jpg","type":"image\/jpeg"}],"author":"Mari\u00e1n","twitter_card":"summary_large_image","twitter_misc":{"Escrito por":"Mari\u00e1n","Tiempo de lectura":"6 minutos"},"schema":{"@context":"https:\/\/schema.org","@graph":[{"@type":"Article","@id":"https:\/\/www.latribuajena.org\/2022\/04\/19\/mi-primera-experiencia-en-un-voluntariado-de-permacultura-con-la-tribu-ajena\/#article","isPartOf":{"@id":"https:\/\/www.latribuajena.org\/2022\/04\/19\/mi-primera-experiencia-en-un-voluntariado-de-permacultura-con-la-tribu-ajena\/"},"author":{"name":"Mari\u00e1n","@id":"https:\/\/www.latribuajena.org\/#\/schema\/person\/93e02478315b3b2bbb350c9e2b861f51"},"headline":"Mi primera experiencia en un voluntariado de permacultura con La Tribu Ajena","datePublished":"2022-04-19T19:54:16+00:00","dateModified":"2023-02-23T13:58:29+00:00","mainEntityOfPage":{"@id":"https:\/\/www.latribuajena.org\/2022\/04\/19\/mi-primera-experiencia-en-un-voluntariado-de-permacultura-con-la-tribu-ajena\/"},"wordCount":1165,"publisher":{"@id":"https:\/\/www.latribuajena.org\/#organization"},"image":{"@id":"https:\/\/www.latribuajena.org\/2022\/04\/19\/mi-primera-experiencia-en-un-voluntariado-de-permacultura-con-la-tribu-ajena\/#primaryimage"},"thumbnailUrl":"https:\/\/www.latribuajena.org\/wp-content\/uploads\/2022\/10\/la-tribu-ajena-e1659287501832.jpg","articleSection":["Historias de la Tribu"],"inLanguage":"es"},{"@type":"WebPage","@id":"https:\/\/www.latribuajena.org\/2022\/04\/19\/mi-primera-experiencia-en-un-voluntariado-de-permacultura-con-la-tribu-ajena\/","url":"https:\/\/www.latribuajena.org\/2022\/04\/19\/mi-primera-experiencia-en-un-voluntariado-de-permacultura-con-la-tribu-ajena\/","name":"Mi primera experiencia en un voluntariado de permacultura con La Tribu Ajena - La Tribu Ajena","isPartOf":{"@id":"https:\/\/www.latribuajena.org\/#website"},"primaryImageOfPage":{"@id":"https:\/\/www.latribuajena.org\/2022\/04\/19\/mi-primera-experiencia-en-un-voluntariado-de-permacultura-con-la-tribu-ajena\/#primaryimage"},"image":{"@id":"https:\/\/www.latribuajena.org\/2022\/04\/19\/mi-primera-experiencia-en-un-voluntariado-de-permacultura-con-la-tribu-ajena\/#primaryimage"},"thumbnailUrl":"https:\/\/www.latribuajena.org\/wp-content\/uploads\/2022\/10\/la-tribu-ajena-e1659287501832.jpg","datePublished":"2022-04-19T19:54:16+00:00","dateModified":"2023-02-23T13:58:29+00:00","breadcrumb":{"@id":"https:\/\/www.latribuajena.org\/2022\/04\/19\/mi-primera-experiencia-en-un-voluntariado-de-permacultura-con-la-tribu-ajena\/#breadcrumb"},"inLanguage":"es","potentialAction":[{"@type":"ReadAction","target":["https:\/\/www.latribuajena.org\/2022\/04\/19\/mi-primera-experiencia-en-un-voluntariado-de-permacultura-con-la-tribu-ajena\/"]}]},{"@type":"ImageObject","inLanguage":"es","@id":"https:\/\/www.latribuajena.org\/2022\/04\/19\/mi-primera-experiencia-en-un-voluntariado-de-permacultura-con-la-tribu-ajena\/#primaryimage","url":"https:\/\/www.latribuajena.org\/wp-content\/uploads\/2022\/10\/la-tribu-ajena-e1659287501832.jpg","contentUrl":"https:\/\/www.latribuajena.org\/wp-content\/uploads\/2022\/10\/la-tribu-ajena-e1659287501832.jpg","width":1024,"height":644},{"@type":"BreadcrumbList","@id":"https:\/\/www.latribuajena.org\/2022\/04\/19\/mi-primera-experiencia-en-un-voluntariado-de-permacultura-con-la-tribu-ajena\/#breadcrumb","itemListElement":[{"@type":"ListItem","position":1,"name":"Portada","item":"https:\/\/www.latribuajena.org\/"},{"@type":"ListItem","position":2,"name":"Mi primera experiencia en un voluntariado de permacultura con La Tribu Ajena"}]},{"@type":"WebSite","@id":"https:\/\/www.latribuajena.org\/#website","url":"https:\/\/www.latribuajena.org\/","name":"La Tribu Ajena","description":"Escuela de Vida en Permacultura","publisher":{"@id":"https:\/\/www.latribuajena.org\/#organization"},"potentialAction":[{"@type":"SearchAction","target":{"@type":"EntryPoint","urlTemplate":"https:\/\/www.latribuajena.org\/?s={search_term_string}"},"query-input":{"@type":"PropertyValueSpecification","valueRequired":true,"valueName":"search_term_string"}}],"inLanguage":"es"},{"@type":"Organization","@id":"https:\/\/www.latribuajena.org\/#organization","name":"La Tribu Ajena","url":"https:\/\/www.latribuajena.org\/","logo":{"@type":"ImageObject","inLanguage":"es","@id":"https:\/\/www.latribuajena.org\/#\/schema\/logo\/image\/","url":"https:\/\/www.latribuajena.org\/wp-content\/uploads\/2022\/01\/logo-tribu-ajena-1.png","contentUrl":"https:\/\/www.latribuajena.org\/wp-content\/uploads\/2022\/01\/logo-tribu-ajena-1.png","width":200,"height":255,"caption":"La Tribu Ajena"},"image":{"@id":"https:\/\/www.latribuajena.org\/#\/schema\/logo\/image\/"}},{"@type":"Person","@id":"https:\/\/www.latribuajena.org\/#\/schema\/person\/93e02478315b3b2bbb350c9e2b861f51","name":"Mari\u00e1n","sameAs":["https:\/\/www.latribuajena.org\/"],"url":"https:\/\/www.latribuajena.org\/es\/author\/latribuajena\/"}]}},"_links":{"self":[{"href":"https:\/\/www.latribuajena.org\/es\/wp-json\/wp\/v2\/posts\/813","targetHints":{"allow":["GET"]}}],"collection":[{"href":"https:\/\/www.latribuajena.org\/es\/wp-json\/wp\/v2\/posts"}],"about":[{"href":"https:\/\/www.latribuajena.org\/es\/wp-json\/wp\/v2\/types\/post"}],"author":[{"embeddable":true,"href":"https:\/\/www.latribuajena.org\/es\/wp-json\/wp\/v2\/users\/3"}],"replies":[{"embeddable":true,"href":"https:\/\/www.latribuajena.org\/es\/wp-json\/wp\/v2\/comments?post=813"}],"version-history":[{"count":9,"href":"https:\/\/www.latribuajena.org\/es\/wp-json\/wp\/v2\/posts\/813\/revisions"}],"predecessor-version":[{"id":1889,"href":"https:\/\/www.latribuajena.org\/es\/wp-json\/wp\/v2\/posts\/813\/revisions\/1889"}],"wp:featuredmedia":[{"embeddable":true,"href":"https:\/\/www.latribuajena.org\/es\/wp-json\/wp\/v2\/media\/868"}],"wp:attachment":[{"href":"https:\/\/www.latribuajena.org\/es\/wp-json\/wp\/v2\/media?parent=813"}],"wp:term":[{"taxonomy":"category","embeddable":true,"href":"https:\/\/www.latribuajena.org\/es\/wp-json\/wp\/v2\/categories?post=813"},{"taxonomy":"post_tag","embeddable":true,"href":"https:\/\/www.latribuajena.org\/es\/wp-json\/wp\/v2\/tags?post=813"}],"curies":[{"name":"wp","href":"https:\/\/api.w.org\/{rel}","templated":true}]}}